{"id":45,"date":"2016-04-30T16:31:04","date_gmt":"2016-04-30T14:31:04","guid":{"rendered":"https:\/\/staging.brand-club.net\/markentag-fc-bayern-muenchen-bayern3\/"},"modified":"2016-04-30T16:31:04","modified_gmt":"2016-04-30T14:31:04","slug":"markentag-fc-bayern","status":"publish","type":"post","link":"https:\/\/brand-club.net\/en\/markentag-fc-bayern\/","title":{"rendered":"FC Bayern Munich Brand Day"},"content":{"rendered":"<p class=\"\" style=\"white-space: pre-wrap;\">The brand day, limited to 15 members, was packed with highlights that money can&#039;t buy.<\/p>\n<h2><strong>Internationalization versus brand rejuvenation.<\/strong><\/h2>\n<p class=\"\" style=\"white-space: pre-wrap;\">Andreas Kufner \u2013 Head of International Brand Positioning at FC Bayern Munich \u2013 spoke about the questions and tasks facing a club on its way to internationalization.<\/p>\n<p class=\"\" style=\"white-space: pre-wrap;\">The presentation by Philipp Kurz, Head of Marketing at Bayern3, was extremely interesting; he spoke about the path to rejuvenating BAYERN 3&#039;s audience. Following our motto of &quot;making the brand tangible,&quot; we then enjoyed an exclusive tour of the BAYERN3 studios.<\/p>\n<p class=\"\" style=\"white-space: pre-wrap;\">Following typical Bavarian hospitality and at the invitation of BR-Media, as well as under the personal guidance of Peter Jakob, a visit to the match between FC Bayern Munich and Werder Bremen was on the agenda.<\/p>\n<p class=\"\" style=\"white-space: pre-wrap;\"><strong>The atmosphere in the sold-out Allianz Arena, which holds 75,000 people, was perfect \u2013 2:0 for FC Bayern Munich \u2013 what else!<\/strong><\/p>","protected":false},"excerpt":{"rendered":"<p>Der auf 15. Mitglieder limitierte MarkenTag war gespickt von Highlights, die man sich so nicht kaufen kann. Internationalisierung versus Verj\u00fcngung einer Marke. Andreas Kufner \u2013 Leitung Internationale Markenpositionierung des FC Bayern M\u00fcnchen referierte \u00fcber die Fragen und Aufgabenstellungen, die sich einem Verein stellen, der auf dem Weg zur Internationalisierung ist. H\u00f6chst spannend war der Vortrag [&hellip;]<\/p>\n","protected":false},"author":3,"featured_media":2861,"comment_status":"closed","ping_status":"closed","sticky":false,"template":"","format":"standard","meta":{"_acf_changed":false,"footnotes":""},"categories":[10],"tags":[],"class_list":["post-45","post","type-post","status-publish","format-standard","has-post-thumbnail","hentry","category-markentag"],"acf":[],"_links":{"self":[{"href":"https:\/\/brand-club.net\/en\/wp-json\/wp\/v2\/posts\/45","targetHints":{"allow":["GET"]}}],"collection":[{"href":"https:\/\/brand-club.net\/en\/wp-json\/wp\/v2\/posts"}],"about":[{"href":"https:\/\/brand-club.net\/en\/wp-json\/wp\/v2\/types\/post"}],"author":[{"embeddable":true,"href":"https:\/\/brand-club.net\/en\/wp-json\/wp\/v2\/users\/3"}],"replies":[{"embeddable":true,"href":"https:\/\/brand-club.net\/en\/wp-json\/wp\/v2\/comments?post=45"}],"version-history":[{"count":0,"href":"https:\/\/brand-club.net\/en\/wp-json\/wp\/v2\/posts\/45\/revisions"}],"wp:featuredmedia":[{"embeddable":true,"href":"https:\/\/brand-club.net\/en\/wp-json\/wp\/v2\/media\/2861"}],"wp:attachment":[{"href":"https:\/\/brand-club.net\/en\/wp-json\/wp\/v2\/media?parent=45"}],"wp:term":[{"taxonomy":"category","embeddable":true,"href":"https:\/\/brand-club.net\/en\/wp-json\/wp\/v2\/categories?post=45"},{"taxonomy":"post_tag","embeddable":true,"href":"https:\/\/brand-club.net\/en\/wp-json\/wp\/v2\/tags?post=45"}],"curies":[{"name":"wp","href":"https:\/\/api.w.org\/{rel}","templated":true}]}}